{"id":3259,"date":"2025-03-10T16:50:13","date_gmt":"2025-03-10T15:50:13","guid":{"rendered":"https:\/\/cabi-quilting.de\/?p=3259"},"modified":"2025-03-10T17:27:34","modified_gmt":"2025-03-10T16:27:34","slug":"ai-in-the-sewing-room-guildo-at-rhein-mqg-on-3-april-2025","status":"publish","type":"post","link":"https:\/\/cabi-quilting.de\/en\/ai-in-the-sewing-room-guildo-at-rhein-mqg-on-3-april-2025\/","title":{"rendered":"AI in the sewing room &#8211; Guildo at Rhein MQG on 3 April 2025"},"content":{"rendered":"<p>[et_pb_section fb_built=&#8221;1&#8243; _builder_version=&#8221;4.19.2&#8243; _module_preset=&#8221;default&#8221; global_colors_info=&#8221;{}&#8221; theme_builder_area=&#8221;post_content&#8221;][et_pb_row column_structure=&#8221;3_5,2_5&#8243; _builder_version=&#8221;4.19.2&#8243; _module_preset=&#8221;default&#8221; global_colors_info=&#8221;{}&#8221; theme_builder_area=&#8221;post_content&#8221;][et_pb_column type=&#8221;3_5&#8243; _builder_version=&#8221;4.19.2&#8243; _module_preset=&#8221;default&#8221; global_colors_info=&#8221;{}&#8221; theme_builder_area=&#8221;post_content&#8221;][et_pb_text _builder_version=&#8221;4.27.4&#8243; _module_preset=&#8221;default&#8221; global_colors_info=&#8221;{}&#8221; theme_builder_area=&#8221;post_content&#8221;]<\/p>\n<p data-pm-slice=\"1 1 []\"><span>I am very happy to share some wonderful news with you today: On 3 April 2025, I have the pleasure of speaking at a Guildo (online lecture) for the Rhein Modern Quilt Guild (<a href=\"https:\/\/rhein-mqg.de\/\">Rhein MQG<\/a>) on the exciting topic of \u2018AI in the sewing room\u2019!<\/span><\/p>\n<p><span>In this talk, I would like to show you how artificial intelligence can support and enrich our creative process &#8211; from brainstorming and planning to the realisation of quilt projects. Together we will take a look at innovative applications and practical examples that combine traditional craftsmanship with modern technology. <\/span><\/p>\n<p><span>I&#8217;m really looking forward to this opportunity to share my enthusiasm for AI and creative sewing with you, and hope for many interested participants and a lively exchange!<\/span><\/p>\n<p><span>Make a note of the date in your diary:<\/span><\/p>\n<ul data-spread=\"false\">\n<li>\n<p><span>April, 3rd 2025<\/span><\/p>\n<\/li>\n<li>\n<p><span><\/span><span style=\"font-size: 18px;\">Online (Guildo der Rhein MQG)<\/span><\/p>\n<\/li>\n<li>\n<p><span>AI in the sewing room &#8211; innovation meets craftsmanship<\/span><\/p>\n<\/li>\n<\/ul>\n<p><span>Until then, I wish you creative days and look forward to meeting you virtually!<\/span><\/p>\n<p>[\/et_pb_text][\/et_pb_column][et_pb_column type=&#8221;2_5&#8243; _builder_version=&#8221;4.19.2&#8243; _module_preset=&#8221;default&#8221; global_colors_info=&#8221;{}&#8221; theme_builder_area=&#8221;post_content&#8221;][dipi_masonry_gallery gallery_ids=&#8221;3089,3262&#8243; _builder_version=&#8221;4.27.4&#8243; _module_preset=&#8221;default&#8221; global_colors_info=&#8221;{}&#8221; theme_builder_area=&#8221;post_content&#8221;][\/dipi_masonry_gallery][\/et_pb_column][\/et_pb_row][\/et_pb_section]<\/p>\n","protected":false},"excerpt":{"rendered":"<p>I&#8217;m looking forward to the Guildo!<\/p>\n","protected":false},"author":3,"featured_media":3263,"comment_status":"open","ping_status":"open","sticky":false,"template":"","format":"standard","meta":{"_acf_changed":false,"_et_pb_use_builder":"on","_et_pb_old_content":"","_et_gb_content_width":"","footnotes":""},"categories":[26],"tags":[],"dipi_cpt_category":[],"class_list":["post-3259","post","type-post","status-publish","format-standard","has-post-thumbnail","hentry","category-blog-en"],"acf":[],"yoast_head":"<!-- This site is optimized with the Yoast SEO plugin v27.3 - https:\/\/yoast.com\/product\/yoast-seo-wordpress\/ -->\n<title>AI in the sewing room - Guildo at Rhein MQG on 3 April 2025 - CaBi Quilting<\/title>\n<meta name=\"robots\" content=\"index, follow, max-snippet:-1, max-image-preview:large, max-video-preview:-1\" \/>\n<link rel=\"canonical\" href=\"https:\/\/cabi-quilting.de\/en\/ai-in-the-sewing-room-guildo-at-rhein-mqg-on-3-april-2025\/\" \/>\n<meta property=\"og:locale\" content=\"en_US\" \/>\n<meta property=\"og:type\" content=\"article\" \/>\n<meta property=\"og:title\" content=\"AI in the sewing room - Guildo at Rhein MQG on 3 April 2025 - CaBi Quilting\" \/>\n<meta property=\"og:description\" content=\"I&#039;m looking forward to the Guildo!\" \/>\n<meta property=\"og:url\" content=\"https:\/\/cabi-quilting.de\/en\/ai-in-the-sewing-room-guildo-at-rhein-mqg-on-3-april-2025\/\" \/>\n<meta property=\"og:site_name\" content=\"CaBi Quilting\" \/>\n<meta property=\"article:publisher\" content=\"https:\/\/www.facebook.com\/cabiquilting\" \/>\n<meta property=\"article:author\" content=\"https:\/\/www.facebook.com\/cabiquilting\" \/>\n<meta property=\"article:published_time\" content=\"2025-03-10T15:50:13+00:00\" \/>\n<meta property=\"article:modified_time\" content=\"2025-03-10T16:27:34+00:00\" \/>\n<meta property=\"og:image\" content=\"https:\/\/cabi-quilting.de\/wp-content\/uploads\/KI_Blog.jpg\" \/>\n\t<meta property=\"og:image:width\" content=\"1000\" \/>\n\t<meta property=\"og:image:height\" content=\"1024\" \/>\n\t<meta property=\"og:image:type\" content=\"image\/jpeg\" \/>\n<meta name=\"author\" content=\"Carmen Bickle\" \/>\n<meta name=\"twitter:card\" content=\"summary_large_image\" \/>\n<meta name=\"twitter:label1\" content=\"Written by\" \/>\n\t<meta name=\"twitter:data1\" content=\"Carmen Bickle\" \/>\n\t<meta name=\"twitter:label2\" content=\"Est. reading time\" \/>\n\t<meta name=\"twitter:data2\" content=\"1 minute\" \/>\n<script type=\"application\/ld+json\" class=\"yoast-schema-graph\">{\"@context\":\"https:\\\/\\\/schema.org\",\"@graph\":[{\"@type\":\"Article\",\"@id\":\"https:\\\/\\\/cabi-quilting.de\\\/en\\\/ai-in-the-sewing-room-guildo-at-rhein-mqg-on-3-april-2025\\\/#article\",\"isPartOf\":{\"@id\":\"https:\\\/\\\/cabi-quilting.de\\\/en\\\/ai-in-the-sewing-room-guildo-at-rhein-mqg-on-3-april-2025\\\/\"},\"author\":{\"name\":\"Carmen Bickle\",\"@id\":\"https:\\\/\\\/cabi-quilting.de\\\/en\\\/#\\\/schema\\\/person\\\/4d7e11ec067f3d907216718b74011910\"},\"headline\":\"AI in the sewing room &#8211; Guildo at Rhein MQG on 3 April 2025\",\"datePublished\":\"2025-03-10T15:50:13+00:00\",\"dateModified\":\"2025-03-10T16:27:34+00:00\",\"mainEntityOfPage\":{\"@id\":\"https:\\\/\\\/cabi-quilting.de\\\/en\\\/ai-in-the-sewing-room-guildo-at-rhein-mqg-on-3-april-2025\\\/\"},\"wordCount\":294,\"commentCount\":0,\"publisher\":{\"@id\":\"https:\\\/\\\/cabi-quilting.de\\\/en\\\/#\\\/schema\\\/person\\\/4d7e11ec067f3d907216718b74011910\"},\"image\":{\"@id\":\"https:\\\/\\\/cabi-quilting.de\\\/en\\\/ai-in-the-sewing-room-guildo-at-rhein-mqg-on-3-april-2025\\\/#primaryimage\"},\"thumbnailUrl\":\"https:\\\/\\\/cabi-quilting.de\\\/wp-content\\\/uploads\\\/KI_Blog.jpg\",\"articleSection\":[\"Blog\"],\"inLanguage\":\"en-US\",\"potentialAction\":[{\"@type\":\"CommentAction\",\"name\":\"Comment\",\"target\":[\"https:\\\/\\\/cabi-quilting.de\\\/en\\\/ai-in-the-sewing-room-guildo-at-rhein-mqg-on-3-april-2025\\\/#respond\"]}]},{\"@type\":\"WebPage\",\"@id\":\"https:\\\/\\\/cabi-quilting.de\\\/en\\\/ai-in-the-sewing-room-guildo-at-rhein-mqg-on-3-april-2025\\\/\",\"url\":\"https:\\\/\\\/cabi-quilting.de\\\/en\\\/ai-in-the-sewing-room-guildo-at-rhein-mqg-on-3-april-2025\\\/\",\"name\":\"AI in the sewing room - Guildo at Rhein MQG on 3 April 2025 - CaBi Quilting\",\"isPartOf\":{\"@id\":\"https:\\\/\\\/cabi-quilting.de\\\/en\\\/#website\"},\"primaryImageOfPage\":{\"@id\":\"https:\\\/\\\/cabi-quilting.de\\\/en\\\/ai-in-the-sewing-room-guildo-at-rhein-mqg-on-3-april-2025\\\/#primaryimage\"},\"image\":{\"@id\":\"https:\\\/\\\/cabi-quilting.de\\\/en\\\/ai-in-the-sewing-room-guildo-at-rhein-mqg-on-3-april-2025\\\/#primaryimage\"},\"thumbnailUrl\":\"https:\\\/\\\/cabi-quilting.de\\\/wp-content\\\/uploads\\\/KI_Blog.jpg\",\"datePublished\":\"2025-03-10T15:50:13+00:00\",\"dateModified\":\"2025-03-10T16:27:34+00:00\",\"breadcrumb\":{\"@id\":\"https:\\\/\\\/cabi-quilting.de\\\/en\\\/ai-in-the-sewing-room-guildo-at-rhein-mqg-on-3-april-2025\\\/#breadcrumb\"},\"inLanguage\":\"en-US\",\"potentialAction\":[{\"@type\":\"ReadAction\",\"target\":[\"https:\\\/\\\/cabi-quilting.de\\\/en\\\/ai-in-the-sewing-room-guildo-at-rhein-mqg-on-3-april-2025\\\/\"]}]},{\"@type\":\"ImageObject\",\"inLanguage\":\"en-US\",\"@id\":\"https:\\\/\\\/cabi-quilting.de\\\/en\\\/ai-in-the-sewing-room-guildo-at-rhein-mqg-on-3-april-2025\\\/#primaryimage\",\"url\":\"https:\\\/\\\/cabi-quilting.de\\\/wp-content\\\/uploads\\\/KI_Blog.jpg\",\"contentUrl\":\"https:\\\/\\\/cabi-quilting.de\\\/wp-content\\\/uploads\\\/KI_Blog.jpg\",\"width\":1000,\"height\":1024},{\"@type\":\"BreadcrumbList\",\"@id\":\"https:\\\/\\\/cabi-quilting.de\\\/en\\\/ai-in-the-sewing-room-guildo-at-rhein-mqg-on-3-april-2025\\\/#breadcrumb\",\"itemListElement\":[{\"@type\":\"ListItem\",\"position\":1,\"name\":\"Startseite\",\"item\":\"https:\\\/\\\/cabi-quilting.de\\\/en\\\/homepage\\\/\"},{\"@type\":\"ListItem\",\"position\":2,\"name\":\"AI in the sewing room &#8211; Guildo at Rhein MQG on 3 April 2025\"}]},{\"@type\":\"WebSite\",\"@id\":\"https:\\\/\\\/cabi-quilting.de\\\/en\\\/#website\",\"url\":\"https:\\\/\\\/cabi-quilting.de\\\/en\\\/\",\"name\":\"CaBi Quilting\",\"description\":\"Patchwork und Quilten\",\"publisher\":{\"@id\":\"https:\\\/\\\/cabi-quilting.de\\\/en\\\/#\\\/schema\\\/person\\\/4d7e11ec067f3d907216718b74011910\"},\"alternateName\":\"cabi-quilting\",\"potentialAction\":[{\"@type\":\"SearchAction\",\"target\":{\"@type\":\"EntryPoint\",\"urlTemplate\":\"https:\\\/\\\/cabi-quilting.de\\\/en\\\/?s={search_term_string}\"},\"query-input\":{\"@type\":\"PropertyValueSpecification\",\"valueRequired\":true,\"valueName\":\"search_term_string\"}}],\"inLanguage\":\"en-US\"},{\"@type\":[\"Person\",\"Organization\"],\"@id\":\"https:\\\/\\\/cabi-quilting.de\\\/en\\\/#\\\/schema\\\/person\\\/4d7e11ec067f3d907216718b74011910\",\"name\":\"Carmen Bickle\",\"image\":{\"@type\":\"ImageObject\",\"inLanguage\":\"en-US\",\"@id\":\"https:\\\/\\\/cabi-quilting.de\\\/wp-content\\\/uploads\\\/cabi-quilting-logo-animiert.svg\",\"url\":\"https:\\\/\\\/cabi-quilting.de\\\/wp-content\\\/uploads\\\/cabi-quilting-logo-animiert.svg\",\"contentUrl\":\"https:\\\/\\\/cabi-quilting.de\\\/wp-content\\\/uploads\\\/cabi-quilting-logo-animiert.svg\",\"width\":1,\"height\":1,\"caption\":\"Carmen Bickle\"},\"logo\":{\"@id\":\"https:\\\/\\\/cabi-quilting.de\\\/wp-content\\\/uploads\\\/cabi-quilting-logo-animiert.svg\"},\"description\":\"Ich bin im Hauptberuf Gesch\u00e4ftsf\u00fchrerin in einem Softwareunternehmen. Den Ausgleich zu dieser Aufgabe finde ich im Handarbeiten (N\u00e4hen, Patchworken und Quilten), Malen und Heimwerken. Mein Motto: Gemeinsam die Welt mit unseren kunstvollen Quilts bunter machen.\",\"sameAs\":[\"http:\\\/\\\/www.cabi-quilting.de\",\"https:\\\/\\\/www.facebook.com\\\/cabiquilting\",\"https:\\\/\\\/www.instagram.com\\\/cabiquilting?igshid=MmIzYWVINDQ5Yg==\"]}]}<\/script>\n<!-- \/ Yoast SEO plugin. -->","yoast_head_json":{"title":"AI in the sewing room - Guildo at Rhein MQG on 3 April 2025 - CaBi Quilting","robots":{"index":"index","follow":"follow","max-snippet":"max-snippet:-1","max-image-preview":"max-image-preview:large","max-video-preview":"max-video-preview:-1"},"canonical":"https:\/\/cabi-quilting.de\/en\/ai-in-the-sewing-room-guildo-at-rhein-mqg-on-3-april-2025\/","og_locale":"en_US","og_type":"article","og_title":"AI in the sewing room - Guildo at Rhein MQG on 3 April 2025 - CaBi Quilting","og_description":"I'm looking forward to the Guildo!","og_url":"https:\/\/cabi-quilting.de\/en\/ai-in-the-sewing-room-guildo-at-rhein-mqg-on-3-april-2025\/","og_site_name":"CaBi Quilting","article_publisher":"https:\/\/www.facebook.com\/cabiquilting","article_author":"https:\/\/www.facebook.com\/cabiquilting","article_published_time":"2025-03-10T15:50:13+00:00","article_modified_time":"2025-03-10T16:27:34+00:00","og_image":[{"width":1000,"height":1024,"url":"https:\/\/cabi-quilting.de\/wp-content\/uploads\/KI_Blog.jpg","type":"image\/jpeg"}],"author":"Carmen Bickle","twitter_card":"summary_large_image","twitter_misc":{"Written by":"Carmen Bickle","Est. reading time":"1 minute"},"schema":{"@context":"https:\/\/schema.org","@graph":[{"@type":"Article","@id":"https:\/\/cabi-quilting.de\/en\/ai-in-the-sewing-room-guildo-at-rhein-mqg-on-3-april-2025\/#article","isPartOf":{"@id":"https:\/\/cabi-quilting.de\/en\/ai-in-the-sewing-room-guildo-at-rhein-mqg-on-3-april-2025\/"},"author":{"name":"Carmen Bickle","@id":"https:\/\/cabi-quilting.de\/en\/#\/schema\/person\/4d7e11ec067f3d907216718b74011910"},"headline":"AI in the sewing room &#8211; Guildo at Rhein MQG on 3 April 2025","datePublished":"2025-03-10T15:50:13+00:00","dateModified":"2025-03-10T16:27:34+00:00","mainEntityOfPage":{"@id":"https:\/\/cabi-quilting.de\/en\/ai-in-the-sewing-room-guildo-at-rhein-mqg-on-3-april-2025\/"},"wordCount":294,"commentCount":0,"publisher":{"@id":"https:\/\/cabi-quilting.de\/en\/#\/schema\/person\/4d7e11ec067f3d907216718b74011910"},"image":{"@id":"https:\/\/cabi-quilting.de\/en\/ai-in-the-sewing-room-guildo-at-rhein-mqg-on-3-april-2025\/#primaryimage"},"thumbnailUrl":"https:\/\/cabi-quilting.de\/wp-content\/uploads\/KI_Blog.jpg","articleSection":["Blog"],"inLanguage":"en-US","potentialAction":[{"@type":"CommentAction","name":"Comment","target":["https:\/\/cabi-quilting.de\/en\/ai-in-the-sewing-room-guildo-at-rhein-mqg-on-3-april-2025\/#respond"]}]},{"@type":"WebPage","@id":"https:\/\/cabi-quilting.de\/en\/ai-in-the-sewing-room-guildo-at-rhein-mqg-on-3-april-2025\/","url":"https:\/\/cabi-quilting.de\/en\/ai-in-the-sewing-room-guildo-at-rhein-mqg-on-3-april-2025\/","name":"AI in the sewing room - Guildo at Rhein MQG on 3 April 2025 - CaBi Quilting","isPartOf":{"@id":"https:\/\/cabi-quilting.de\/en\/#website"},"primaryImageOfPage":{"@id":"https:\/\/cabi-quilting.de\/en\/ai-in-the-sewing-room-guildo-at-rhein-mqg-on-3-april-2025\/#primaryimage"},"image":{"@id":"https:\/\/cabi-quilting.de\/en\/ai-in-the-sewing-room-guildo-at-rhein-mqg-on-3-april-2025\/#primaryimage"},"thumbnailUrl":"https:\/\/cabi-quilting.de\/wp-content\/uploads\/KI_Blog.jpg","datePublished":"2025-03-10T15:50:13+00:00","dateModified":"2025-03-10T16:27:34+00:00","breadcrumb":{"@id":"https:\/\/cabi-quilting.de\/en\/ai-in-the-sewing-room-guildo-at-rhein-mqg-on-3-april-2025\/#breadcrumb"},"inLanguage":"en-US","potentialAction":[{"@type":"ReadAction","target":["https:\/\/cabi-quilting.de\/en\/ai-in-the-sewing-room-guildo-at-rhein-mqg-on-3-april-2025\/"]}]},{"@type":"ImageObject","inLanguage":"en-US","@id":"https:\/\/cabi-quilting.de\/en\/ai-in-the-sewing-room-guildo-at-rhein-mqg-on-3-april-2025\/#primaryimage","url":"https:\/\/cabi-quilting.de\/wp-content\/uploads\/KI_Blog.jpg","contentUrl":"https:\/\/cabi-quilting.de\/wp-content\/uploads\/KI_Blog.jpg","width":1000,"height":1024},{"@type":"BreadcrumbList","@id":"https:\/\/cabi-quilting.de\/en\/ai-in-the-sewing-room-guildo-at-rhein-mqg-on-3-april-2025\/#breadcrumb","itemListElement":[{"@type":"ListItem","position":1,"name":"Startseite","item":"https:\/\/cabi-quilting.de\/en\/homepage\/"},{"@type":"ListItem","position":2,"name":"AI in the sewing room &#8211; Guildo at Rhein MQG on 3 April 2025"}]},{"@type":"WebSite","@id":"https:\/\/cabi-quilting.de\/en\/#website","url":"https:\/\/cabi-quilting.de\/en\/","name":"CaBi Quilting","description":"Patchwork und Quilten","publisher":{"@id":"https:\/\/cabi-quilting.de\/en\/#\/schema\/person\/4d7e11ec067f3d907216718b74011910"},"alternateName":"cabi-quilting","potentialAction":[{"@type":"SearchAction","target":{"@type":"EntryPoint","urlTemplate":"https:\/\/cabi-quilting.de\/en\/?s={search_term_string}"},"query-input":{"@type":"PropertyValueSpecification","valueRequired":true,"valueName":"search_term_string"}}],"inLanguage":"en-US"},{"@type":["Person","Organization"],"@id":"https:\/\/cabi-quilting.de\/en\/#\/schema\/person\/4d7e11ec067f3d907216718b74011910","name":"Carmen Bickle","image":{"@type":"ImageObject","inLanguage":"en-US","@id":"https:\/\/cabi-quilting.de\/wp-content\/uploads\/cabi-quilting-logo-animiert.svg","url":"https:\/\/cabi-quilting.de\/wp-content\/uploads\/cabi-quilting-logo-animiert.svg","contentUrl":"https:\/\/cabi-quilting.de\/wp-content\/uploads\/cabi-quilting-logo-animiert.svg","width":1,"height":1,"caption":"Carmen Bickle"},"logo":{"@id":"https:\/\/cabi-quilting.de\/wp-content\/uploads\/cabi-quilting-logo-animiert.svg"},"description":"Ich bin im Hauptberuf Gesch\u00e4ftsf\u00fchrerin in einem Softwareunternehmen. Den Ausgleich zu dieser Aufgabe finde ich im Handarbeiten (N\u00e4hen, Patchworken und Quilten), Malen und Heimwerken. Mein Motto: Gemeinsam die Welt mit unseren kunstvollen Quilts bunter machen.","sameAs":["http:\/\/www.cabi-quilting.de","https:\/\/www.facebook.com\/cabiquilting","https:\/\/www.instagram.com\/cabiquilting?igshid=MmIzYWVINDQ5Yg=="]}]}},"_links":{"self":[{"href":"https:\/\/cabi-quilting.de\/en\/wp-json\/wp\/v2\/posts\/3259","targetHints":{"allow":["GET"]}}],"collection":[{"href":"https:\/\/cabi-quilting.de\/en\/wp-json\/wp\/v2\/posts"}],"about":[{"href":"https:\/\/cabi-quilting.de\/en\/wp-json\/wp\/v2\/types\/post"}],"author":[{"embeddable":true,"href":"https:\/\/cabi-quilting.de\/en\/wp-json\/wp\/v2\/users\/3"}],"replies":[{"embeddable":true,"href":"https:\/\/cabi-quilting.de\/en\/wp-json\/wp\/v2\/comments?post=3259"}],"version-history":[{"count":5,"href":"https:\/\/cabi-quilting.de\/en\/wp-json\/wp\/v2\/posts\/3259\/revisions"}],"predecessor-version":[{"id":3278,"href":"https:\/\/cabi-quilting.de\/en\/wp-json\/wp\/v2\/posts\/3259\/revisions\/3278"}],"wp:featuredmedia":[{"embeddable":true,"href":"https:\/\/cabi-quilting.de\/en\/wp-json\/wp\/v2\/media\/3263"}],"wp:attachment":[{"href":"https:\/\/cabi-quilting.de\/en\/wp-json\/wp\/v2\/media?parent=3259"}],"wp:term":[{"taxonomy":"category","embeddable":true,"href":"https:\/\/cabi-quilting.de\/en\/wp-json\/wp\/v2\/categories?post=3259"},{"taxonomy":"post_tag","embeddable":true,"href":"https:\/\/cabi-quilting.de\/en\/wp-json\/wp\/v2\/tags?post=3259"},{"taxonomy":"dipi_cpt_category","embeddable":true,"href":"https:\/\/cabi-quilting.de\/en\/wp-json\/wp\/v2\/dipi_cpt_category?post=3259"}],"curies":[{"name":"wp","href":"https:\/\/api.w.org\/{rel}","templated":true}]}}